{"id":7091,"date":"2021-12-08T09:30:27","date_gmt":"2021-12-08T13:30:27","guid":{"rendered":"https:\/\/neuroid.uprrp.edu\/?p=7091"},"modified":"2022-01-28T14:58:53","modified_gmt":"2022-01-28T18:58:53","slug":"celebran-la-vigesima-novena-conferencia-anual-de-neurociencia-en-puerto-rico","status":"publish","type":"post","link":"https:\/\/neuroid.uprrp.edu\/index.php\/2021\/12\/08\/celebran-la-vigesima-novena-conferencia-anual-de-neurociencia-en-puerto-rico\/","title":{"rendered":"Celebran la vig\u00e9sima novena conferencia anual de neurociencia en Puerto Rico"},"content":{"rendered":"\n<p><a href=\"https:\/\/www.elvocero.com\/users\/profile\/Redaccion%20El%20Vocero\">Redacci\u00f3n, EL VOCERO<\/a> 06\/12\/2021<\/p>\n\n\n\n<div class=\"wp-block-columns is-layout-flex wp-container-core-columns-is-layout-28f84493 wp-block-columns-is-layout-flex\">\n<div class=\"wp-block-column is-layout-flow wp-block-column-is-layout-flow\">\n<div style=\"height:24px\" aria-hidden=\"true\" class=\"wp-block-spacer\"><\/div>\n\n\n\n<div class=\"wp-block-image\"><figure class=\"alignright size-large is-resized\"><a href=\"https:\/\/neuroid.uprrp.edu\/wp-content\/uploads\/2021\/12\/61ae1dad5a192.image_.jpg\"><img fetchpriority=\"high\" decoding=\"async\" src=\"https:\/\/neuroid.uprrp.edu\/wp-content\/uploads\/2022\/01\/61ae1dad5a192.image_-edited-1.jpg\" alt=\"\" class=\"wp-image-7626\" width=\"562\" height=\"351\" srcset=\"https:\/\/neuroid.uprrp.edu\/wp-content\/uploads\/2022\/01\/61ae1dad5a192.image_-edited-1.jpg 749w, https:\/\/neuroid.uprrp.edu\/wp-content\/uploads\/2022\/01\/61ae1dad5a192.image_-edited-1-300x187.jpg 300w\" sizes=\"(max-width: 562px) 100vw, 562px\" \/><\/a><figcaption>Suministrada<\/figcaption><\/figure><\/div>\n\n\n\n<p><\/p>\n<\/div>\n\n\n\n<div class=\"wp-block-column is-layout-flow wp-block-column-is-layout-flow\">\n<p style=\"font-size:clamp(14px, 0.875rem + ((1vw - 3.2px) * 0.354), 18px);px\"><br>El evento se llev\u00f3 el pasado s\u00e1bado, en el Teatro de la Universidad Interamericana de Bayam\u00f3n.<\/p>\n\n\n\n<p>El Departamento de Biolog\u00eda de la Facultad de Ciencias Naturales del Recinto de R\u00edo Piedras de la Universidad de Puerto Rico (UPR) y el Programa de investigaci\u00f3n subgraduada en Neurociencia NeuroID \u2014subvencionado por los Institutos Nacional de Salud (NIH)\u2014 llevaron a cabo el pasado s\u00e1bado, la vig\u00e9sima novena conferencia de neurociencia en Puerto Rico, en el Teatro de la Universidad Interamericana, Recinto de Bayam\u00f3n.<\/p>\n\n\n\n<p>Esta conferencia \u2014en la que tambi\u00e9n colaboraron el Recinto de Ciencias M\u00e9dicas de la UPR, la Universidad Central del Caribe, la Ponce Health Sciences University y la Universidad Cat\u00f3lica Pontificia de Puerto Rico\u2014 fue el evento m\u00e1s grande sobre la investigaci\u00f3n en Neurociencia que se lleva a cabo en Puerto Rico.<\/p>\n<\/div>\n<\/div>\n\n\n\n<p>En este evento, que se organiza anualmente, se reunieron conferenciantes, estudiantes, investigadores y p\u00fablico en general interesados en diversos temas relacionados al estudio del sistema nervioso. Este a\u00f1o, el evento fue un h\u00edbrido con conferencias en modo presencial y virtual. Los participantes de esta reuni\u00f3n cient\u00edfica adem\u00e1s visitaron las presentaciones de afiches de los estudiantes a nivel subgraduado, graduado y postdoctoral que hacen investigaci\u00f3n en neurociencia en laboratorios adscritos a las universidades de educaci\u00f3n superior de la isla.<\/p>\n\n\n\n<div class=\"wp-block-columns is-layout-flex wp-container-core-columns-is-layout-28f84493 wp-block-columns-is-layout-flex\">\n<div class=\"wp-block-column is-layout-flow wp-block-column-is-layout-flow\" style=\"flex-basis:5%\"><\/div>\n\n\n\n<div class=\"wp-block-column is-layout-flow wp-block-column-is-layout-flow\" style=\"flex-basis:90%\">\n<div class=\"wp-block-image\"><figure class=\"aligncenter size-large is-resized\"><a href=\"https:\/\/neuroid.uprrp.edu\/wp-content\/uploads\/2021\/12\/61ae1dac7a5cf.image_-2.jpg\"><img decoding=\"async\" src=\"https:\/\/neuroid.uprrp.edu\/wp-content\/uploads\/2022\/01\/61ae1dac7a5cf.image_-2-edited-1.jpg\" alt=\"\" class=\"wp-image-7630\" width=\"626\" height=\"351\" srcset=\"https:\/\/neuroid.uprrp.edu\/wp-content\/uploads\/2022\/01\/61ae1dac7a5cf.image_-2-edited-1.jpg 749w, https:\/\/neuroid.uprrp.edu\/wp-content\/uploads\/2022\/01\/61ae1dac7a5cf.image_-2-edited-1-300x169.jpg 300w\" sizes=\"(max-width: 626px) 100vw, 626px\" \/><\/a><figcaption>Suministrada<\/figcaption><\/figure><\/div>\n<\/div>\n\n\n\n<div class=\"wp-block-column is-layout-flow wp-block-column-is-layout-flow\" style=\"flex-basis:5%\"><\/div>\n<\/div>\n\n\n\n<p>Para este evento el comit\u00e9 organizador prepar\u00f3 un programa rico en transdisciplinariedad y enfoques. La conferencia incluy\u00f3 cuatro charlas plenarias a cargo de destacados investigadores en neurociencia. Adem\u00e1s, alberg\u00f3 un panel titulado \u201cMujeres en la Neurociencia\u201d con tres neurocient\u00edficas puertorrique\u00f1as.<\/p>\n\n\n\n<p>La doctora Carmen Maldonado-Vlaar, catedr\u00e1tica del Departamento de Biolog\u00eda en la UPR-RP y presidenta del comit\u00e9 organizador, se\u00f1al\u00f3 que \u201cpor los pasados 29 a\u00f1os, la conferencia anual de neurociencia es para nuestra comunidad un evento muy esperado y una oportunidad \u00fanica de colaborar y auspiciar la investigaci\u00f3n neurocient\u00edfica de vanguardia que se conduce en nuestro pa\u00eds\u201d.<\/p>\n\n\n\n<p><\/p>\n\n\n\n<p>Referencia:<em> <a href=\"https:\/\/www.elvocero.com\/actualidad\/salud\/celebran-la-vig-sima-novena-conferencia-anual-de-neurociencia-en-puerto-rico\/article_c161141c-569f-11ec-8c21-0baca6d0d42e.html\">www.elvocero.com<\/a><\/em><\/p>\n","protected":false},"excerpt":{"rendered":"<p>Redacci\u00f3n, EL VOCERO 06\/12\/2021 El evento se llev\u00f3 el pasado s\u00e1bado, en el Teatro de la Universidad Interamericana de Bayam\u00f3n. El Departamento de Biolog\u00eda de la Facultad de Ciencias Naturales del Recinto de R\u00edo Piedras de la Universidad de Puerto Rico (UPR) y el Programa de investigaci\u00f3n subgraduada en Neurociencia NeuroID \u2014subvencionado por los Institutos &hellip; <\/p>\n<p class=\"link-more\"><a href=\"https:\/\/neuroid.uprrp.edu\/index.php\/2021\/12\/08\/celebran-la-vigesima-novena-conferencia-anual-de-neurociencia-en-puerto-rico\/\" class=\"more-link\">Read more<span class=\"screen-reader-text\"> &#8220;Celebran la vig\u00e9sima novena conferencia anual de neurociencia en Puerto Rico&#8221;<\/span><\/a><\/p>\n","protected":false},"author":5,"featured_media":0,"comment_status":"closed","ping_status":"closed","sticky":false,"template":"","format":"standard","meta":{"footnotes":""},"categories":[1],"tags":[],"class_list":["post-7091","post","type-post","status-publish","format-standard","hentry","category-uncategorized"],"rttpg_featured_image_url":null,"rttpg_author":{"display_name":"admin","author_link":"https:\/\/neuroid.uprrp.edu\/index.php\/author\/admin\/"},"rttpg_comment":0,"rttpg_category":"<a href=\"https:\/\/neuroid.uprrp.edu\/index.php\/category\/uncategorized\/\" rel=\"category tag\">News<\/a>","rttpg_excerpt":"Redacci\u00f3n, EL VOCERO 06\/12\/2021 El evento se llev\u00f3 el pasado s\u00e1bado, en el Teatro de la Universidad Interamericana de Bayam\u00f3n. El Departamento de Biolog\u00eda de la Facultad de Ciencias Naturales del Recinto de R\u00edo Piedras de la Universidad de Puerto Rico (UPR) y el Programa de investigaci\u00f3n subgraduada en Neurociencia NeuroID \u2014subvencionado por los Institutos&hellip;","_links":{"self":[{"href":"https:\/\/neuroid.uprrp.edu\/index.php\/wp-json\/wp\/v2\/posts\/7091","targetHints":{"allow":["GET"]}}],"collection":[{"href":"https:\/\/neuroid.uprrp.edu\/index.php\/wp-json\/wp\/v2\/posts"}],"about":[{"href":"https:\/\/neuroid.uprrp.edu\/index.php\/wp-json\/wp\/v2\/types\/post"}],"author":[{"embeddable":true,"href":"https:\/\/neuroid.uprrp.edu\/index.php\/wp-json\/wp\/v2\/users\/5"}],"replies":[{"embeddable":true,"href":"https:\/\/neuroid.uprrp.edu\/index.php\/wp-json\/wp\/v2\/comments?post=7091"}],"version-history":[{"count":5,"href":"https:\/\/neuroid.uprrp.edu\/index.php\/wp-json\/wp\/v2\/posts\/7091\/revisions"}],"predecessor-version":[{"id":7632,"href":"https:\/\/neuroid.uprrp.edu\/index.php\/wp-json\/wp\/v2\/posts\/7091\/revisions\/7632"}],"wp:attachment":[{"href":"https:\/\/neuroid.uprrp.edu\/index.php\/wp-json\/wp\/v2\/media?parent=7091"}],"wp:term":[{"taxonomy":"category","embeddable":true,"href":"https:\/\/neuroid.uprrp.edu\/index.php\/wp-json\/wp\/v2\/categories?post=7091"},{"taxonomy":"post_tag","embeddable":true,"href":"https:\/\/neuroid.uprrp.edu\/index.php\/wp-json\/wp\/v2\/tags?post=7091"}],"curies":[{"name":"wp","href":"https:\/\/api.w.org\/{rel}","templated":true}]}}